{"id":1585,"date":"2019-06-02T09:59:03","date_gmt":"2019-06-02T06:59:03","guid":{"rendered":"https:\/\/www.vuosikatsaus.lsjh.fi\/2018\/?p=1585"},"modified":"2020-05-05T13:42:48","modified_gmt":"2020-05-05T10:42:48","slug":"tyoyhteiso","status":"publish","type":"post","link":"https:\/\/vuosikatsaus.lsjh.fi\/2018\/tyoyhteiso\/","title":{"rendered":"Millainen ty\u00f6paikka LSJH on?"},"content":{"rendered":"<h2>Vuoden ty\u00f6ntekij\u00e4n 2018 haastattelu<\/h2>\n<p>Videolla Vuoden ty\u00f6ntekij\u00e4mme Kaisa Pesonen kertoo omasta ty\u00f6st\u00e4\u00e4n ja ty\u00f6yhteis\u00f6st\u00e4mme.<\/p>\n<style>.embed-container { position: relative; padding-bottom: 56.25%; height: 0; overflow: hidden; max-width: 100%; } .embed-container iframe, .embed-container object, .embed-container embed { position: absolute; top: 0; left: 0; width: 100%; height: 100%; }<\/style>\n<div class=\"embed-container\" aria-hidden=\"true\"><iframe src=\"https:\/\/www.youtube.com\/embed\/ZmGfXsM8T24\" frameborder=\"0\" allowfullscreen=\"allowfullscreen\"><\/iframe><\/div>\n<p><a class=\"screen-reader-text sr-only\" href=\"https:\/\/www.youtube.com\/embed\/ZmGfXsM8T24\" aria-label=\"Video avautuu YouTubessa\"><\/a><\/p>\n<h2>Ty\u00f6yhteis\u00f6mme tunnuslukuja vuodelta 2018<\/h2>\n<ul>\n<li>vakituisessa ty\u00f6suhteessa 80 henkil\u00f6\u00e4<\/li>\n<li>naisia 45 ja miehi\u00e4 35<\/li>\n<li>osa-aikaisia 5 henkil\u00f6\u00e4<\/li>\n<li>henkil\u00f6st\u00f6n keski-ik\u00e4 44,5 vuotta<\/li>\n<li>yli 55 vuotiaita n. 25 %<\/li>\n<li>m\u00e4\u00e4r\u00e4aikaisessa ty\u00f6suhteessa 18 henkil\u00f6\u00e4<\/li>\n<li>el\u00e4kkeelle j\u00e4i 1 henkil\u00f6<\/li>\n<li>\u00e4itiys- ja vanhempainvapaalla 4 henkil\u00f6\u00e4 ja hoitovapaalla 1 henkil\u00f6<\/li>\n<li>opintovapaalla 2 henkil\u00f6\u00e4<\/li>\n<li>vuorotteluvapaalla 1 henkil\u00f6<\/li>\n<li>siirtyi tyt\u00e4ryhti\u00f6\u00f6n 1 henkil\u00f6<\/li>\n<li>terveyspalveluihin k\u00e4ytetyt menot 600 \u20ac\/htv<\/li>\n<li>ty\u00f6tapaturmia oli yhteens\u00e4 5, joista poissaoloon johtavia ty\u00f6tapaturmia oli 1<\/li>\n<li>sairauslomap\u00e4ivi\u00e4 yhteens\u00e4 565 p\u00e4iv\u00e4\u00e4 eli 5,7 pv\u00e4\/hl\u00f6<\/li>\n<li>sairauspoissaoloprosentti oli 2 %<\/li>\n<\/ul>\n<p><img loading=\"lazy\" decoding=\"async\" class=\"wp-image-1720 aligncenter\" src=\"https:\/\/vuosikatsaus.lsjh.fi\/2018\/wp-content\/uploads\/sites\/2\/2019\/06\/tyoyhteiso-1024x404.jpg\" alt=\"\" width=\"678\" height=\"267\" srcset=\"https:\/\/vuosikatsaus.lsjh.fi\/2018\/wp-content\/uploads\/sites\/2\/2019\/06\/tyoyhteiso-1024x404.jpg 1024w, https:\/\/vuosikatsaus.lsjh.fi\/2018\/wp-content\/uploads\/sites\/2\/2019\/06\/tyoyhteiso-300x118.jpg 300w, https:\/\/vuosikatsaus.lsjh.fi\/2018\/wp-content\/uploads\/sites\/2\/2019\/06\/tyoyhteiso-768x303.jpg 768w, https:\/\/vuosikatsaus.lsjh.fi\/2018\/wp-content\/uploads\/sites\/2\/2019\/06\/tyoyhteiso.jpg 1460w\" sizes=\"auto, (max-width: 678px) 100vw, 678px\" \/><\/p>\n<h3>Virkistystoimintaa vuoden 2018 varrelta<\/h3>\n<p><img loading=\"lazy\" decoding=\"async\" class=\"alignnone wp-image-1722 size-medium\" src=\"https:\/\/vuosikatsaus.lsjh.fi\/2018\/wp-content\/uploads\/sites\/2\/2019\/06\/lsjh_virkistystoiminta_kuva3-226x300.jpg\" alt=\"\" width=\"226\" height=\"300\" srcset=\"https:\/\/vuosikatsaus.lsjh.fi\/2018\/wp-content\/uploads\/sites\/2\/2019\/06\/lsjh_virkistystoiminta_kuva3-226x300.jpg 226w, https:\/\/vuosikatsaus.lsjh.fi\/2018\/wp-content\/uploads\/sites\/2\/2019\/06\/lsjh_virkistystoiminta_kuva3.jpg 488w\" sizes=\"auto, (max-width: 226px) 100vw, 226px\" \/> <img loading=\"lazy\" decoding=\"async\" class=\"alignnone wp-image-1723 size-medium\" src=\"https:\/\/vuosikatsaus.lsjh.fi\/2018\/wp-content\/uploads\/sites\/2\/2019\/06\/lsjh_virkistystoiminta_kuva2-226x300.jpg\" alt=\"\" width=\"226\" height=\"300\" srcset=\"https:\/\/vuosikatsaus.lsjh.fi\/2018\/wp-content\/uploads\/sites\/2\/2019\/06\/lsjh_virkistystoiminta_kuva2-226x300.jpg 226w, https:\/\/vuosikatsaus.lsjh.fi\/2018\/wp-content\/uploads\/sites\/2\/2019\/06\/lsjh_virkistystoiminta_kuva2.jpg 488w\" sizes=\"auto, (max-width: 226px) 100vw, 226px\" \/><img loading=\"lazy\" decoding=\"async\" class=\"wp-image-1724 size-medium\" style=\"font-size: 1rem;\" src=\"https:\/\/vuosikatsaus.lsjh.fi\/2018\/wp-content\/uploads\/sites\/2\/2019\/06\/lsjh_virkistystoiminta_kuva1-226x300.jpg\" alt=\"Virkistystoimintaa vuoden 2018 varrelta\" width=\"226\" height=\"300\" srcset=\"https:\/\/vuosikatsaus.lsjh.fi\/2018\/wp-content\/uploads\/sites\/2\/2019\/06\/lsjh_virkistystoiminta_kuva1-226x300.jpg 226w, https:\/\/vuosikatsaus.lsjh.fi\/2018\/wp-content\/uploads\/sites\/2\/2019\/06\/lsjh_virkistystoiminta_kuva1.jpg 488w\" sizes=\"auto, (max-width: 226px) 100vw, 226px\" \/><\/p>\n","protected":false},"excerpt":{"rendered":"<p>Vuoden ty\u00f6ntekij\u00e4n 2018 haastattelu Videolla Vuoden ty\u00f6ntekij\u00e4mme Kaisa Pesonen kertoo omasta ty\u00f6st\u00e4\u00e4n ja ty\u00f6yhteis\u00f6st\u00e4mme. Ty\u00f6yhteis\u00f6mme tunnuslukuja vuodelta 2018 vakituisessa ty\u00f6suhteessa 80 henkil\u00f6\u00e4 naisia 45 ja miehi\u00e4 35 osa-aikaisia 5 henkil\u00f6\u00e4 henkil\u00f6st\u00f6n keski-ik\u00e4 44,5 vuotta yli 55 vuotiaita n. 25 % m\u00e4\u00e4r\u00e4aikaisessa ty\u00f6suhteessa 18 henkil\u00f6\u00e4 el\u00e4kkeelle j\u00e4i 1 henkil\u00f6 \u00e4itiys- ja vanhempainvapaalla 4 henkil\u00f6\u00e4 ja hoitovapaalla [&#8230;]<\/p>\n<p><a class=\"btn btn-secondary understrap-read-more-link\" href=\"https:\/\/vuosikatsaus.lsjh.fi\/2018\/tyoyhteiso\/\">Read More&#8230;<\/a><\/p>\n","protected":false},"author":5,"featured_media":1699,"comment_status":"closed","ping_status":"closed","sticky":false,"template":"","format":"standard","meta":{"footnotes":""},"categories":[144],"tags":[],"class_list":["post-1585","post","type-post","status-publish","format-standard","has-post-thumbnail","hentry","category-tyoyhteiso"],"acf":[],"yoast_head":"<!-- This site is optimized with the Yoast SEO plugin v19.5.1 - https:\/\/yoast.com\/wordpress\/plugins\/seo\/ -->\n<title>Millainen ty\u00f6paikka LSJH on? - Vuosikatsaus 2018 \u2013 Lounais-Suomen J\u00e4tehuolto Oy \u2013 LSJH<\/title>\n<meta name=\"description\" content=\"Millainen ty\u00f6paikka LSJH on? Vuoden ty\u00f6ntekij\u00e4mme kertoo omasta ty\u00f6st\u00e4\u00e4n ja ty\u00f6yhteis\u00f6st\u00e4mme.\" \/>\n<meta name=\"robots\" content=\"index, follow, max-snippet:-1, max-image-preview:large, max-video-preview:-1\" \/>\n<link rel=\"canonical\" href=\"https:\/\/vuosikatsaus.lsjh.fi\/2018\/tyoyhteiso\/\" \/>\n<meta property=\"og:locale\" content=\"fi_FI\" \/>\n<meta property=\"og:type\" content=\"article\" \/>\n<meta property=\"og:title\" content=\"Millainen ty\u00f6paikka LSJH on? - Vuosikatsaus 2018 \u2013 Lounais-Suomen J\u00e4tehuolto Oy \u2013 LSJH\" \/>\n<meta property=\"og:description\" content=\"Millainen ty\u00f6paikka LSJH on? Vuoden ty\u00f6ntekij\u00e4mme kertoo omasta ty\u00f6st\u00e4\u00e4n ja ty\u00f6yhteis\u00f6st\u00e4mme.\" \/>\n<meta property=\"og:url\" content=\"https:\/\/vuosikatsaus.lsjh.fi\/2018\/tyoyhteiso\/\" \/>\n<meta property=\"og:site_name\" content=\"Vuosikatsaus 2018\" \/>\n<meta property=\"article:published_time\" content=\"2019-06-02T06:59:03+00:00\" \/>\n<meta property=\"article:modified_time\" content=\"2020-05-05T10:42:48+00:00\" \/>\n<meta property=\"og:image\" content=\"https:\/\/vuosikatsaus.lsjh.fi\/2018\/wp-content\/uploads\/sites\/2\/2019\/06\/lsjh_tyoyhteiso.jpg\" \/>\n\t<meta property=\"og:image:width\" content=\"2000\" \/>\n\t<meta property=\"og:image:height\" content=\"810\" \/>\n\t<meta property=\"og:image:type\" content=\"image\/jpeg\" \/>\n<meta name=\"twitter:card\" content=\"summary_large_image\" \/>\n<meta name=\"twitter:label1\" content=\"Kirjoittanut\" \/>\n\t<meta name=\"twitter:data1\" content=\"\" \/>\n<script type=\"application\/ld+json\" class=\"yoast-schema-graph\">{\"@context\":\"https:\/\/schema.org\",\"@graph\":[{\"@type\":\"WebPage\",\"@id\":\"https:\/\/vuosikatsaus.lsjh.fi\/2018\/tyoyhteiso\/\",\"url\":\"https:\/\/vuosikatsaus.lsjh.fi\/2018\/tyoyhteiso\/\",\"name\":\"Millainen ty\u00f6paikka LSJH on? - Vuosikatsaus 2018 \u2013 Lounais-Suomen J\u00e4tehuolto Oy \u2013 LSJH\",\"isPartOf\":{\"@id\":\"https:\/\/vuosikatsaus.lsjh.fi\/2018\/#website\"},\"datePublished\":\"2019-06-02T06:59:03+00:00\",\"dateModified\":\"2020-05-05T10:42:48+00:00\",\"author\":{\"@id\":\"\"},\"description\":\"Millainen ty\u00f6paikka LSJH on? Vuoden ty\u00f6ntekij\u00e4mme kertoo omasta ty\u00f6st\u00e4\u00e4n ja ty\u00f6yhteis\u00f6st\u00e4mme.\",\"breadcrumb\":{\"@id\":\"https:\/\/vuosikatsaus.lsjh.fi\/2018\/tyoyhteiso\/#breadcrumb\"},\"inLanguage\":\"fi\",\"potentialAction\":[{\"@type\":\"ReadAction\",\"target\":[\"https:\/\/vuosikatsaus.lsjh.fi\/2018\/tyoyhteiso\/\"]}]},{\"@type\":\"BreadcrumbList\",\"@id\":\"https:\/\/vuosikatsaus.lsjh.fi\/2018\/tyoyhteiso\/#breadcrumb\",\"itemListElement\":[{\"@type\":\"ListItem\",\"position\":1,\"name\":\"Home\",\"item\":\"https:\/\/vuosikatsaus.lsjh.fi\/2018\/\"},{\"@type\":\"ListItem\",\"position\":2,\"name\":\"Millainen ty\u00f6paikka LSJH on?\"}]},{\"@type\":\"WebSite\",\"@id\":\"https:\/\/vuosikatsaus.lsjh.fi\/2018\/#website\",\"url\":\"https:\/\/vuosikatsaus.lsjh.fi\/2018\/\",\"name\":\"Vuosikatsaus 2018\",\"description\":\"\",\"potentialAction\":[{\"@type\":\"SearchAction\",\"target\":{\"@type\":\"EntryPoint\",\"urlTemplate\":\"https:\/\/vuosikatsaus.lsjh.fi\/2018\/?s={search_term_string}\"},\"query-input\":\"required name=search_term_string\"}],\"inLanguage\":\"fi\"},{\"@type\":\"Person\",\"@id\":\"\",\"url\":\"https:\/\/vuosikatsaus.lsjh.fi\/2018\/author\/\"}]}<\/script>\n<!-- \/ Yoast SEO plugin. -->","yoast_head_json":{"title":"Millainen ty\u00f6paikka LSJH on? - Vuosikatsaus 2018 \u2013 Lounais-Suomen J\u00e4tehuolto Oy \u2013 LSJH","description":"Millainen ty\u00f6paikka LSJH on? Vuoden ty\u00f6ntekij\u00e4mme kertoo omasta ty\u00f6st\u00e4\u00e4n ja ty\u00f6yhteis\u00f6st\u00e4mme.","robots":{"index":"index","follow":"follow","max-snippet":"max-snippet:-1","max-image-preview":"max-image-preview:large","max-video-preview":"max-video-preview:-1"},"canonical":"https:\/\/vuosikatsaus.lsjh.fi\/2018\/tyoyhteiso\/","og_locale":"fi_FI","og_type":"article","og_title":"Millainen ty\u00f6paikka LSJH on? - Vuosikatsaus 2018 \u2013 Lounais-Suomen J\u00e4tehuolto Oy \u2013 LSJH","og_description":"Millainen ty\u00f6paikka LSJH on? Vuoden ty\u00f6ntekij\u00e4mme kertoo omasta ty\u00f6st\u00e4\u00e4n ja ty\u00f6yhteis\u00f6st\u00e4mme.","og_url":"https:\/\/vuosikatsaus.lsjh.fi\/2018\/tyoyhteiso\/","og_site_name":"Vuosikatsaus 2018","article_published_time":"2019-06-02T06:59:03+00:00","article_modified_time":"2020-05-05T10:42:48+00:00","og_image":[{"width":2000,"height":810,"url":"https:\/\/vuosikatsaus.lsjh.fi\/2018\/wp-content\/uploads\/sites\/2\/2019\/06\/lsjh_tyoyhteiso.jpg","type":"image\/jpeg"}],"twitter_card":"summary_large_image","twitter_misc":{"Kirjoittanut":""},"schema":{"@context":"https:\/\/schema.org","@graph":[{"@type":"WebPage","@id":"https:\/\/vuosikatsaus.lsjh.fi\/2018\/tyoyhteiso\/","url":"https:\/\/vuosikatsaus.lsjh.fi\/2018\/tyoyhteiso\/","name":"Millainen ty\u00f6paikka LSJH on? - Vuosikatsaus 2018 \u2013 Lounais-Suomen J\u00e4tehuolto Oy \u2013 LSJH","isPartOf":{"@id":"https:\/\/vuosikatsaus.lsjh.fi\/2018\/#website"},"datePublished":"2019-06-02T06:59:03+00:00","dateModified":"2020-05-05T10:42:48+00:00","author":{"@id":""},"description":"Millainen ty\u00f6paikka LSJH on? Vuoden ty\u00f6ntekij\u00e4mme kertoo omasta ty\u00f6st\u00e4\u00e4n ja ty\u00f6yhteis\u00f6st\u00e4mme.","breadcrumb":{"@id":"https:\/\/vuosikatsaus.lsjh.fi\/2018\/tyoyhteiso\/#breadcrumb"},"inLanguage":"fi","potentialAction":[{"@type":"ReadAction","target":["https:\/\/vuosikatsaus.lsjh.fi\/2018\/tyoyhteiso\/"]}]},{"@type":"BreadcrumbList","@id":"https:\/\/vuosikatsaus.lsjh.fi\/2018\/tyoyhteiso\/#breadcrumb","itemListElement":[{"@type":"ListItem","position":1,"name":"Home","item":"https:\/\/vuosikatsaus.lsjh.fi\/2018\/"},{"@type":"ListItem","position":2,"name":"Millainen ty\u00f6paikka LSJH on?"}]},{"@type":"WebSite","@id":"https:\/\/vuosikatsaus.lsjh.fi\/2018\/#website","url":"https:\/\/vuosikatsaus.lsjh.fi\/2018\/","name":"Vuosikatsaus 2018","description":"","potentialAction":[{"@type":"SearchAction","target":{"@type":"EntryPoint","urlTemplate":"https:\/\/vuosikatsaus.lsjh.fi\/2018\/?s={search_term_string}"},"query-input":"required name=search_term_string"}],"inLanguage":"fi"},{"@type":"Person","@id":"","url":"https:\/\/vuosikatsaus.lsjh.fi\/2018\/author\/"}]}},"_links":{"self":[{"href":"https:\/\/vuosikatsaus.lsjh.fi\/2018\/wp-json\/wp\/v2\/posts\/1585","targetHints":{"allow":["GET"]}}],"collection":[{"href":"https:\/\/vuosikatsaus.lsjh.fi\/2018\/wp-json\/wp\/v2\/posts"}],"about":[{"href":"https:\/\/vuosikatsaus.lsjh.fi\/2018\/wp-json\/wp\/v2\/types\/post"}],"author":[{"embeddable":true,"href":"https:\/\/vuosikatsaus.lsjh.fi\/2018\/wp-json\/wp\/v2\/users\/5"}],"replies":[{"embeddable":true,"href":"https:\/\/vuosikatsaus.lsjh.fi\/2018\/wp-json\/wp\/v2\/comments?post=1585"}],"version-history":[{"count":25,"href":"https:\/\/vuosikatsaus.lsjh.fi\/2018\/wp-json\/wp\/v2\/posts\/1585\/revisions"}],"predecessor-version":[{"id":1845,"href":"https:\/\/vuosikatsaus.lsjh.fi\/2018\/wp-json\/wp\/v2\/posts\/1585\/revisions\/1845"}],"wp:featuredmedia":[{"embeddable":true,"href":"https:\/\/vuosikatsaus.lsjh.fi\/2018\/wp-json\/wp\/v2\/media\/1699"}],"wp:attachment":[{"href":"https:\/\/vuosikatsaus.lsjh.fi\/2018\/wp-json\/wp\/v2\/media?parent=1585"}],"wp:term":[{"taxonomy":"category","embeddable":true,"href":"https:\/\/vuosikatsaus.lsjh.fi\/2018\/wp-json\/wp\/v2\/categories?post=1585"},{"taxonomy":"post_tag","embeddable":true,"href":"https:\/\/vuosikatsaus.lsjh.fi\/2018\/wp-json\/wp\/v2\/tags?post=1585"}],"curies":[{"name":"wp","href":"https:\/\/api.w.org\/{rel}","templated":true}]}}